{"id":9944,"date":"2014-11-07T03:00:20","date_gmt":"2014-11-07T02:00:20","guid":{"rendered":"http:\/\/sven-ove.nu\/?p=9944"},"modified":"2014-11-06T19:49:00","modified_gmt":"2014-11-06T18:49:00","slug":"bonde-hur-orkar-du-titta-pa-det","status":"publish","type":"post","link":"https:\/\/sven-ove.nu\/?p=9944","title":{"rendered":"Bonde? Hur orkar du titta p\u00e5 det?"},"content":{"rendered":"<p><a href=\"https:\/\/sven-ove.nu\/wp-content\/uploads\/2014\/11\/Fj\u00e4rren.jpg\"><img loading=\"lazy\" decoding=\"async\" class=\"alignright size-medium wp-image-9948\" src=\"https:\/\/sven-ove.nu\/wp-content\/uploads\/2014\/11\/Fj\u00e4rren-207x300.jpg\" alt=\"Fj\u00e4rren\" width=\"207\" height=\"300\" srcset=\"https:\/\/sven-ove.nu\/wp-content\/uploads\/2014\/11\/Fj\u00e4rren-207x300.jpg 207w, https:\/\/sven-ove.nu\/wp-content\/uploads\/2014\/11\/Fj\u00e4rren-708x1024.jpg 708w, https:\/\/sven-ove.nu\/wp-content\/uploads\/2014\/11\/Fj\u00e4rren.jpg 1129w\" sizes=\"auto, (max-width: 207px) 100vw, 207px\" \/><\/a><\/p>\n<p>&#8211; Vill du bli helkulturell? L\u00e5t bli fj\u00e4rrkontrollen, tryck inte p\u00e5 ON, skaffa ingen tv ens. Den \u00e4r bara en platt m\u00f6bel som gnager tid.<\/p>\n<p>Kanske.<\/p>\n<p>Fast vem har sagt att jag \u00e4r s\u00e5 modig? Jag \u00e4r klassresen\u00e4r har jag sagt, vi \u00e4r k\u00e4nda f\u00f6r en enda sak. V\u00e5r osvikliga f\u00f6rm\u00e5ga att alltid v\u00e4lja det som inte passar sig, vare sig d\u00e4r vi kommer ifr\u00e5n eller d\u00e4r vi hamnade. Hela tiden v\u00e4ljer vi fel.<\/p>\n<p><strong>Tabl\u00e5n<\/strong><br \/>\nM\u00e5ndag: <em>Sommarpratarna, P\u00e5 jakt med Lotta och Leif, Homeland.<\/em><br \/>\nTisdag: <em>Veckans brott.<\/em><br \/>\nOnsdag: <em>Bonde s\u00f6ker fru.<\/em><br \/>\nTorsdag: <em>Mitt i naturen.<\/em><br \/>\nFredag: <em>Doobidoo, Skavlan.<\/em><br \/>\nL\u00f6rdag: <em>Moraeus med mera.<\/em><br \/>\nS\u00f6ndag: <em>Allt f\u00f6r Sverige.<\/em><\/p>\n<p>D\u00e4r har du mina m\u00e5sten. Plus ytterligare n\u00e5gra naturprogram, dokument\u00e4rer, Navy CIS, filmer och en och annan sports\u00e4ndning vid h\u00f6gtidliga tillf\u00e4llen. Var fjortonde dag ett enstaka kulturprogram av Babel-typ s\u00e5 jag f\u00e5r vara glad och f\u00f6rbaskad.<\/p>\n<p>En fint avv\u00e4gd tabl\u00e5 som borde f\u00e5 mig att rodna vem jag \u00e4n m\u00f6ter, smala v\u00e4nner likav\u00e4l som breda. Hade jag bara vett till det. F\u00f6rresten m\u00f6ter jag inte m\u00e5nga.<\/p>\n<p><strong><a href=\"https:\/\/sven-ove.nu\/wp-content\/uploads\/2014\/11\/Listor.jpg\"><img loading=\"lazy\" decoding=\"async\" class=\"size-medium wp-image-9960 alignleft\" src=\"https:\/\/sven-ove.nu\/wp-content\/uploads\/2014\/11\/Listor-159x300.jpg\" alt=\"Listor\" width=\"159\" height=\"300\" srcset=\"https:\/\/sven-ove.nu\/wp-content\/uploads\/2014\/11\/Listor-159x300.jpg 159w, https:\/\/sven-ove.nu\/wp-content\/uploads\/2014\/11\/Listor.jpg 237w\" sizes=\"auto, (max-width: 159px) 100vw, 159px\" \/><\/a>Gr\u00e5ter<\/strong><br \/>\n&#8211; Gr\u00e5ter du n\u00e4r du ser amerikanerna i Allt f\u00f6r Sverige? \u00c4r det sant?<br \/>\n&#8211; Mmm.<br \/>\n&#8211; Men \u201dBonde\u201d, hur orkar du titta p\u00e5 det?<br \/>\n&#8211; Tragiken.<\/p>\n<p>Jag gillar John Deere-traktorerna ocks\u00e5. Bilderna av svensk jordbruksmark som faktiskt brukas, bilderna av betande kl\u00f6vdjur.<\/p>\n<p>Men det f\u00e5r man v\u00e4l inte s\u00e4ga i den h\u00e4r EU-regionen.<\/p>\n<p>&nbsp;<\/p>\n","protected":false},"excerpt":{"rendered":"<p>&#8211; Vill du bli helkulturell? L\u00e5t bli fj\u00e4rrkontrollen, tryck inte p\u00e5 ON, skaffa ingen tv ens. Den \u00e4r bara en platt m\u00f6bel som gnager tid. Kanske. Fast vem har sagt att jag \u00e4r s\u00e5 modig? Jag \u00e4r klassresen\u00e4r har jag sagt, vi \u00e4r k\u00e4nda f\u00f6r en enda sak. V\u00e5r osvikliga f\u00f6rm\u00e5ga att alltid v\u00e4lja det &hellip; <a href=\"https:\/\/sven-ove.nu\/?p=9944\" class=\"more-link\">Forts\u00e4tt l\u00e4sa <span class=\"screen-reader-text\">Bonde? Hur orkar du titta p\u00e5 det?<\/span><\/a><\/p>\n","protected":false},"author":1,"featured_media":0,"comment_status":"open","ping_status":"open","sticky":false,"template":"","format":"standard","meta":{"_crdt_document":"","_monsterinsights_skip_tracking":false,"_monsterinsights_sitenote_active":false,"_monsterinsights_sitenote_note":"","_monsterinsights_sitenote_category":0,"footnotes":""},"categories":[10,6],"tags":[15,7],"class_list":["post-9944","post","type-post","status-publish","format-standard","hentry","category-familjen","category-natur","tag-mediedjungeln","tag-miljo"],"_links":{"self":[{"href":"https:\/\/sven-ove.nu\/index.php?rest_route=\/wp\/v2\/posts\/9944","targetHints":{"allow":["GET"]}}],"collection":[{"href":"https:\/\/sven-ove.nu\/index.php?rest_route=\/wp\/v2\/posts"}],"about":[{"href":"https:\/\/sven-ove.nu\/index.php?rest_route=\/wp\/v2\/types\/post"}],"author":[{"embeddable":true,"href":"https:\/\/sven-ove.nu\/index.php?rest_route=\/wp\/v2\/users\/1"}],"replies":[{"embeddable":true,"href":"https:\/\/sven-ove.nu\/index.php?rest_route=%2Fwp%2Fv2%2Fcomments&post=9944"}],"version-history":[{"count":10,"href":"https:\/\/sven-ove.nu\/index.php?rest_route=\/wp\/v2\/posts\/9944\/revisions"}],"predecessor-version":[{"id":9962,"href":"https:\/\/sven-ove.nu\/index.php?rest_route=\/wp\/v2\/posts\/9944\/revisions\/9962"}],"wp:attachment":[{"href":"https:\/\/sven-ove.nu\/index.php?rest_route=%2Fwp%2Fv2%2Fmedia&parent=9944"}],"wp:term":[{"taxonomy":"category","embeddable":true,"href":"https:\/\/sven-ove.nu\/index.php?rest_route=%2Fwp%2Fv2%2Fcategories&post=9944"},{"taxonomy":"post_tag","embeddable":true,"href":"https:\/\/sven-ove.nu\/index.php?rest_route=%2Fwp%2Fv2%2Ftags&post=9944"}],"curies":[{"name":"wp","href":"https:\/\/api.w.org\/{rel}","templated":true}]}}