{"id":995,"date":"2012-01-29T06:00:15","date_gmt":"2012-01-29T05:00:15","guid":{"rendered":"http:\/\/sven-ove.nu\/?p=995"},"modified":"2012-01-31T02:20:07","modified_gmt":"2012-01-31T01:20:07","slug":"sondagslasning-bis-redaktoren-vander-blad","status":"publish","type":"post","link":"https:\/\/sven-ove.nu\/?p=995","title":{"rendered":"S\u00f6ndagsl\u00e4sning: Bis-redakt\u00f6ren v\u00e4nder blad"},"content":{"rendered":"<p>En tidskrift. Egentligen kunde man dela upp det i tre ord. <em>Skrift en tid.<\/em> S\u00e5 brukar det vara med m\u00e5nga tidskrifter och det \u00e4r inget konstigt med det. De flesta har sin tid n\u00e4r de ska verka och ber\u00e4tta om sin syn p\u00e5 v\u00e4rlden, hur den kan tolkas och avbildas och vad som b\u00f6r g\u00f6ras \u00e5t den.<\/p>\n<p>Sedan \u00e4r dess tid \u00f6ver och andra r\u00f6ster och skrifter tar vid. En sorts de tryckta bladens eget ekologiska kretslopp. Av cellulosa \u00e4r du kommen, cellulosa ska du \u00e5ter varda. Rallarros, Bonniers Litter\u00e4ra Magasin, F\u00f6rfattarf\u00f6rlagets Tidskrift \u2013 eller vad nu din tids och smaks skrift har hetat.<\/p>\n<p><strong>Lysande undantag<br \/>\n<\/strong>Men s\u00e5 har vi de lysande undantagen. De uth\u00e5lliga, som inte har f\u00f6rst\u00e5tt att andra redakt\u00f6rer \u00e4r sprinters eller medeldistansare som l\u00e4gger av ganska snart efter att startskottet har g\u00e5tt. Jag pratar om de redaktionella marathonl\u00f6parna.<\/p>\n<p>En s\u00e5dan redakt\u00f6r i min brevl\u00e5da var <a href=\"https:\/\/sven-ove.nu\/?p=409\">Nils Lodin<\/a>, mannen bakom l\u00f6partidningen Springtime, numera omd\u00f6pt till Runners World. En annan var <a href=\"http:\/\/www.bildtextform.com\/bokjohan.htm\">Johan Backlund<\/a> (och hans efterf\u00f6ljare), eldsj\u00e4len bakom V\u00e4rml\u00e4ndsk Kultur som numera g\u00e5tt in p\u00e5 sitt fj\u00e4rde decennium.<\/p>\n<p>En tredje \u00e4r <a href=\"http:\/\/www.facebook.com\/profile.php?id=563430718\">Lennart Wettmark<\/a> i Karlstad. Jag vet inte hur han har det med l\u00f6pm\u00e4ssig<a href=\"https:\/\/sven-ove.nu\/wp-content\/uploads\/2012\/01\/bis1.jpg\"><br \/>\n<\/a> uth\u00e5llighet och allm\u00e4n envishet. Men redaktionell uth\u00e5llighet har han, s\u00e5 det sprutar <a href=\"https:\/\/sven-ove.nu\/wp-content\/uploads\/2012\/01\/bis2.jpg\"><br \/>\n<\/a>endorfin i mina skrivarvener bara jag t\u00e4nker p\u00e5 det. Nej jag vet, han har inte heller varit <a href=\"https:\/\/sven-ove.nu\/wp-content\/uploads\/2012\/01\/bis3.jpg\"><img loading=\"lazy\" decoding=\"async\" class=\"alignleft size-medium wp-image-1005\" title=\"bis\" src=\"https:\/\/sven-ove.nu\/wp-content\/uploads\/2012\/01\/bis3-248x300.jpg\" alt=\"\" width=\"248\" height=\"300\" srcset=\"https:\/\/sven-ove.nu\/wp-content\/uploads\/2012\/01\/bis3-248x300.jpg 248w, https:\/\/sven-ove.nu\/wp-content\/uploads\/2012\/01\/bis3-848x1024.jpg 848w, https:\/\/sven-ove.nu\/wp-content\/uploads\/2012\/01\/bis3.jpg 1535w\" sizes=\"auto, (max-width: 248px) 100vw, 248px\" \/><\/a>ensam, en tidskrift lever tack vare lagarbete. Men \u00e4nd\u00e5, nog k\u00e4nns det lite vemodigt n\u00e4r han tar redaktionellt adj\u00f6 i senaste numret av <strong>bis<\/strong>, tidskrift f\u00f6r f\u00f6reningen Bibliotek i samh\u00e4lle. Den som har mottot \u201dBiblioteksdebatt fr\u00e5n v\u00e4nster!\u201d.<\/p>\n<p><em>\u201dVad skall man skriva efter 13 \u00e5r som redakt\u00f6r \u2013 och med BiS parallellt med ett helt arbetsliv? Kanske att jag nog kommer att sakna arbetet med att sammanst\u00e4lla tidskriften sida f\u00f6r sida, liksom att jag \u00f6ppnat den elektroniska brevl\u00e5dan med s\u00e5n f\u00f6rv\u00e4ntan i manusstopptider?\u201d.<\/em><\/p>\n<p><em> <\/em><\/p>\n<p>Det \u00e4r viktigt att k\u00e4mpa f\u00f6r folkbiblioteken, skriver han, och att diskutera m\u00e5l och medel. Viktigt att det \u00e4ven i forts\u00e4ttningen finns ett forum, d\u00e4r en kritisk diskussion kan f\u00f6ras.<\/p>\n<p><strong>Bibliotek i Samh\u00e4lle, bis<br \/>\n<\/strong>F\u00f6r det har ju tagit betydligt mer \u00e4n 13 \u00e5r, det d\u00e4r jobbet. F\u00f6reningen Bibliotek i Samh\u00e4lle bildades 1969, n\u00e4r v\u00e4nsterv\u00e5gen gick \u00f6ver v\u00e4rlden. D\u00e5 startades ocks\u00e5 bibliotekstidskriften <strong>bis<\/strong>. Den kommer ut med fyra nummer om \u00e5ret.<\/p>\n<p><strong>Bis<\/strong> debatterar aktuella biblioteksfr\u00e5gor, b\u00e5de internationella och nationella.\u2028 H\u00e4r kan man l\u00e4sa om bibliotekshistoria, om framtidens bibliotek och om det r\u00e4ttvisa biblioteket.\u2028Bis har skrivit om service f\u00f6r friskolor, nyliberala GATS\/WTO som hot mot biblioteken och internetpolicy p\u00e5 bibliotek.\u2028 \u00c5terkommande inslag \u00e4r litteraturbilagor i aktuella \u00e4mnen och serien bibliotekarie i samh\u00e4llet \u2013 \u00e5terblickar p\u00e5 ett yrkesliv. Dessutom publicerar man alltid l\u00e4sv\u00e4rda recensioner och notiser.<\/p>\n<p><strong>En fr\u00e5ga om m\u00e4nniskosyn<br \/>\n<\/strong>Ytterst handlar det om m\u00e4nniskosynen och om synen p\u00e5 kunskapen och det skrivna ordet. D\u00e4rf\u00f6r vill f\u00f6reningen Bibliotek i Samh\u00e4lle p\u00e5 socialistisk grund \u2013 men partipolitiskt obunden \u2013 verka f\u00f6r ett demokratiskt samh\u00e4lle och ett biblioteksv\u00e4sen till f\u00f6r alla, skriver man i programmet och forts\u00e4tter:<\/p>\n<p><em>\u201dF\u00f6r BiS representerar socialismen id\u00e9n om m\u00e4nsklig frig\u00f6relse och utveckling, baserad p\u00e5 j\u00e4mlik f\u00f6rdelning av materiella, sociala och kulturella tillg\u00e5ngar. BiS vill genom kampen f\u00f6r ett progressivt biblioteksv\u00e4sen motverka klyftor och or\u00e4ttvisor nationellt och internationellt.\u2028 F\u00f6reningen BiS skall genom tidskriften bis och i andra sammanhang initiera och delta i biblioteks-, kultur- och samh\u00e4llsdebatten. F\u00f6reningen skall genom m\u00f6tesverksamhet, sin webbplats och p\u00e5 andra digitala arenor, utveckla och f\u00f6rdjupa biblioteksfr\u00e5gorna ideologiskt och kunskapsm\u00e4ssigt.\u201d<\/em><\/p>\n<p><em><a href=\"http:\/\/foreningenbis.com\/\" target=\"_blank\"><img loading=\"lazy\" decoding=\"async\" class=\"alignleft size-large wp-image-1015\" title=\"G\u00e5 till bibblan\" src=\"https:\/\/sven-ove.nu\/wp-content\/uploads\/2012\/01\/G\u00e5-till-bibblan1-898x1024.jpg\" alt=\"\" width=\"640\" height=\"729\" srcset=\"https:\/\/sven-ove.nu\/wp-content\/uploads\/2012\/01\/G\u00e5-till-bibblan1-898x1024.jpg 898w, https:\/\/sven-ove.nu\/wp-content\/uploads\/2012\/01\/G\u00e5-till-bibblan1-263x300.jpg 263w, https:\/\/sven-ove.nu\/wp-content\/uploads\/2012\/01\/G\u00e5-till-bibblan1.jpg 1469w\" sizes=\"auto, (max-width: 640px) 100vw, 640px\" \/><\/a><br \/>\n<\/em><\/p>\n<p><em> <\/em><\/p>\n<p>F\u00f6reningen och tidskriften arbetar f\u00f6r:<br \/>\n&#8211; en bibliotekslag och en samlad nationell bibliotekspolitik som ocks\u00e5 tar h\u00e4nsyn till kvalitet och som garanterar en j\u00e4mlik biblioteksstandard f\u00f6r alla medborgare.<br \/>\n&#8211; att beh\u00e5lla och utveckla kvaliteten i offentligt drivna bibliotek genom att biblioteksv\u00e4sendet tillf\u00f6rs mer resurser f\u00f6r sitt vidgade uppdrag.<br \/>\n&#8211; att det skrivna ordet, oberoende av lagringsform, \u00e4r bibliotekets prim\u00e4ra uppdrag.<br \/>\n&#8211; att bibliotekslagen ska sk\u00e4rpas och fastsl\u00e5 folkbibliotekets public service-uppdrag.<\/p>\n<p>Stolta ord? Ja. I en tid n\u00e4r modeorden kommer fr\u00e5n marknaden, och politikens inneh\u00e5ll alldeles f\u00f6r ofta h\u00e4mtas fr\u00e5n samma marknad, \u00e4r det sk\u00f6nt att <strong>bis<\/strong> finns. V\u00e4rlden \u00e4r inte stort annorlunda nu, j\u00e4mf\u00f6rt med 1969. Vi beh\u00f6ver fortfarande k\u00e4mpa mot or\u00e4ttvisor och f\u00f6rdumning. Fr\u00e5gan \u00e4r om inte f\u00f6rdumningen \u00e4r v\u00e4rre nu.<\/p>\n<p><strong>Aktiva \u00e4ven p\u00e5 n\u00e4tet<\/strong><br \/>\nF\u00f6reningen finns f\u00f6rst\u00e5s p\u00e5 n\u00e4tet. H\u00e4r \u00e4r facebookadressen: <a href=\"http:\/\/www.facebook.com\/foreningenbis\">http:\/\/www.facebook.com\/foreningenbis<\/a> och h\u00e4r adressen till den kombinerade bloggen och webbplatsen: <a href=\"http:\/\/foreningenbis.com\">http:\/\/foreningenbis.com<\/a>.<\/p>\n<p>N\u00e4r jag bes\u00f6ker bloggen \u00e4r det den flitige bis-medarbetaren Mats Myrstener som skrivit det f\u00e4rskaste inl\u00e4gget. Det handlar om riksdagsbiblioteket, som f\u00e5r kritik f\u00f6r att det gallrat bort sju av sina fackliga tidningar, <em>\u201d<\/em><em>d\u00e4ribland Kommunalarbetaren, Byggnadsarbetaren och Dagens Arbete (som bl.a. representerar Metall och Grafikerna), liksom tidskrifter som Arbetarskydd, Arbetsliv, L\u00e4rarnas Tidning, Skolv\u00e4rlden och Hyresg\u00e4stf\u00f6reningens Hem &amp; Hyra.\u201d.<\/em><\/p>\n<p>Sj\u00e4lv jobbade Myrstener p\u00e5 riksdagsbiblioteket i b\u00f6rjan av 1990-talet, skriver han, och forts\u00e4tter:<\/p>\n<p><em>\u201dUnder det \u00e5r jag arbetade d\u00e4r bes\u00f6ktes biblioteket bara av tv\u00e5 s\u00e4ger tv\u00e5 riksdagsledam\u00f6ter, det var Ian Wachtmeister och Bert Karlsson \u2013 och dom hade g\u00e5tt fel. S\u00e5 biblioteket kanske inte \u00e4r s\u00e5 alldeles n\u00f6dv\u00e4ndigt, eller? \u00c5tminstone fr\u00e5n ledam\u00f6ternas sida?\u201d.<\/em><\/p>\n<p>Nyss kom beskedet att <strong>bis<\/strong> nekas statligt tidskriftsst\u00f6d f\u00f6r 2012. Ett st\u00f6d man f\u00e5tt i flera \u00e5r. Beslutet f\u00e5r poeten och v\u00e4nsterriksdagsmannen Bengt Berg att skriva en kritisk kommentar p\u00e5 tidskriftens blogg:<\/p>\n<p><em>\u201dAtt BiS inte f\u00e5r tidskriftst\u00f6d \u00e4r dels skandal, med tanke p\u00e5 den breda inriktning som en biblioteksbaserad tidskrift har, dels ett tecken i tiden n\u00e4r den v\u00e4nsterkritiska ambitionen uts\u00e4tts f\u00f6r ekonomisk munkavel. Det visar p\u00e5 den selektiva toleransen, vars repressiva del gynnar exklusivt \u2019experimentella\u2019 alster. Detta m\u00e5ste med gemensamma krafter motverkas\u201d.<\/em><\/p>\n<p><strong>L\u00e4gger av?<br \/>\n<\/strong>Lennart Wettmark verkar inte s\u00e4rskilt bekymrad inf\u00f6r tidskriftens framtid:<\/p>\n<p><em>\u201dDet \u00e4r med b\u00e5de saknad och l\u00e4ttnad jag l\u00e4mnar \u00f6ver till ett kollektiv av unga folkbibliotekarier, som p\u00e5 ett annat s\u00e4tt \u00e4n en pensionerad gymnasiebibliotekarie har m\u00f6jlighet att vitalisera bis redan genom att befinna sig i och kunna l\u00e4sa av all biblioteksvardagens tendenser. Och dessutom har de redan i bis spalter visat sig kunna skriva!\u201d.<\/em><\/p>\n<p>Precis d\u00e5 f\u00e5r jag ett facebookmeddelande fr\u00e5n honom. Han \u00e4r nyss pensionerad men har <a href=\"https:\/\/sven-ove.nu\/wp-content\/uploads\/2012\/01\/Den-uth\u00e5llige-p\u00e5-facebook1.png\"><br \/>\n<\/a>varit omt\u00e4nksam och skickat mitt tidigare blogginl\u00e4gg om <a href=\"https:\/\/sven-ove.nu\/?p=731\">Erik Bengtson<\/a> till Erik, sin <a href=\"https:\/\/sven-ove.nu\/wp-content\/uploads\/2012\/01\/Den-uth\u00e5llige-p\u00e5-facebook2.png\"><img loading=\"lazy\" decoding=\"async\" class=\"alignright size-thumbnail wp-image-1020\" title=\"Den uth\u00e5llige p\u00e5 facebook\" src=\"https:\/\/sven-ove.nu\/wp-content\/uploads\/2012\/01\/Den-uth\u00e5llige-p\u00e5-facebook2-150x150.png\" alt=\"\" width=\"150\" height=\"150\" \/><\/a>forne arbetskamrat. Det \u00e4r s\u00e5 de jobbar, de d\u00e4r uth\u00e5lliga. Bryr sig. Vad gamla adjunkter och tidskriftsredakt\u00f6rer g\u00f6r n\u00e4r de lagt av, vet jag inte. Alla som tror att de l\u00e4gger av helt r\u00e4ck upp en hand.<\/p>\n<p>Ingen? Jag trodde v\u00e4l det.<\/p>\n<p><strong>Arbetarlitteratur och science fiction<br \/>\n<\/strong>Jag tycker om <strong>bis<\/strong>. Jag \u00e4r glad att den en g\u00e5ng startades, jag \u00e4r glad i dess syfte och jag \u00e4r lycklig \u00f6ver att den trotsigt forts\u00e4tter att leva och f\u00f6ra liv. V\u00e5ra bibliotek \u00e4r till f\u00f6r folk, inte f\u00f6r marknad.<\/p>\n<p>Nu ska jag springa och sedan l\u00e4sa den l\u00e5nga, sp\u00e4nnande artikeln om arbetarlitteratur och science fiction.<\/p>\n<p>Uth\u00e5llig som <strong>bis<\/strong> blir jag aldrig.<\/p>\n<p>&nbsp;<\/p>\n<p><em>PS. Nu \u00e4r l\u00f6ppasset avklarat och artikeln om arbetarlitteratur och science fiction l\u00e4st. Kalle Laajala samtalar med Jerry M\u00e4\u00e4t\u00e4 och Magnus Nilsson, per mejl tror jag. En mycket l\u00e4sv\u00e4rd och kunnig artikel som dessutom har v\u00e4nligheten att \u00f6verraska. Det b\u00f6r varje nummer av en god tidskrift eller tidning inneh\u00e5lla: en f\u00f6rv\u00e5ning.<\/em><\/p>\n<p><em>Teckningen ovan \u00e4r gjord av Ulf Larson, det gl\u00f6mde jag skriva. \u00c4nnu en duktig bis-medarbetare. DS.<\/em><\/p>\n<p>&nbsp;<\/p>\n","protected":false},"excerpt":{"rendered":"<p>En tidskrift. Egentligen kunde man dela upp det i tre ord. Skrift en tid. S\u00e5 brukar det vara med m\u00e5nga tidskrifter och det \u00e4r inget konstigt med det. De flesta har sin tid n\u00e4r de ska verka och ber\u00e4tta om sin syn p\u00e5 v\u00e4rlden, hur den kan tolkas och avbildas och vad som b\u00f6r g\u00f6ras &hellip; <a href=\"https:\/\/sven-ove.nu\/?p=995\" class=\"more-link\">Forts\u00e4tt l\u00e4sa <span class=\"screen-reader-text\">S\u00f6ndagsl\u00e4sning: Bis-redakt\u00f6ren v\u00e4nder blad<\/span><\/a><\/p>\n","protected":false},"author":1,"featured_media":0,"comment_status":"open","ping_status":"open","sticky":false,"template":"","format":"standard","meta":{"_crdt_document":"","_monsterinsights_skip_tracking":false,"_monsterinsights_sitenote_active":false,"_monsterinsights_sitenote_note":"","_monsterinsights_sitenote_category":0,"footnotes":""},"categories":[9,4],"tags":[3,8,14,15,21,17],"class_list":["post-995","post","type-post","status-publish","format-standard","hentry","category-politik","category-skrivande","tag-arbete","tag-historia","tag-lasning","tag-mediedjungeln","tag-ord","tag-solidaritet"],"_links":{"self":[{"href":"https:\/\/sven-ove.nu\/index.php?rest_route=\/wp\/v2\/posts\/995","targetHints":{"allow":["GET"]}}],"collection":[{"href":"https:\/\/sven-ove.nu\/index.php?rest_route=\/wp\/v2\/posts"}],"about":[{"href":"https:\/\/sven-ove.nu\/index.php?rest_route=\/wp\/v2\/types\/post"}],"author":[{"embeddable":true,"href":"https:\/\/sven-ove.nu\/index.php?rest_route=\/wp\/v2\/users\/1"}],"replies":[{"embeddable":true,"href":"https:\/\/sven-ove.nu\/index.php?rest_route=%2Fwp%2Fv2%2Fcomments&post=995"}],"version-history":[{"count":23,"href":"https:\/\/sven-ove.nu\/index.php?rest_route=\/wp\/v2\/posts\/995\/revisions"}],"predecessor-version":[{"id":1091,"href":"https:\/\/sven-ove.nu\/index.php?rest_route=\/wp\/v2\/posts\/995\/revisions\/1091"}],"wp:attachment":[{"href":"https:\/\/sven-ove.nu\/index.php?rest_route=%2Fwp%2Fv2%2Fmedia&parent=995"}],"wp:term":[{"taxonomy":"category","embeddable":true,"href":"https:\/\/sven-ove.nu\/index.php?rest_route=%2Fwp%2Fv2%2Fcategories&post=995"},{"taxonomy":"post_tag","embeddable":true,"href":"https:\/\/sven-ove.nu\/index.php?rest_route=%2Fwp%2Fv2%2Ftags&post=995"}],"curies":[{"name":"wp","href":"https:\/\/api.w.org\/{rel}","templated":true}]}}