{"id":9956,"date":"2014-11-08T03:00:53","date_gmt":"2014-11-08T02:00:53","guid":{"rendered":"http:\/\/sven-ove.nu\/?p=9956"},"modified":"2014-11-06T17:40:52","modified_gmt":"2014-11-06T16:40:52","slug":"lordag-tanker-efter","status":"publish","type":"post","link":"https:\/\/sven-ove.nu\/?p=9956","title":{"rendered":"L\u00f6rdag, t\u00e4nker efter"},"content":{"rendered":"<p><a href=\"https:\/\/sven-ove.nu\/wp-content\/uploads\/2014\/11\/Kolaren.jpg\"><img loading=\"lazy\" decoding=\"async\" class=\"alignright size-large wp-image-9958\" src=\"https:\/\/sven-ove.nu\/wp-content\/uploads\/2014\/11\/Kolaren-1024x658.jpg\" alt=\"Kolaren\" width=\"640\" height=\"411\" srcset=\"https:\/\/sven-ove.nu\/wp-content\/uploads\/2014\/11\/Kolaren-1024x658.jpg 1024w, https:\/\/sven-ove.nu\/wp-content\/uploads\/2014\/11\/Kolaren-300x192.jpg 300w, https:\/\/sven-ove.nu\/wp-content\/uploads\/2014\/11\/Kolaren.jpg 1574w\" sizes=\"auto, (max-width: 640px) 100vw, 640px\" \/><\/a><\/p>\n<p>Det fina med att vara v\u00e4luppfostrad \u00e4r att d\u00e5 g\u00f6r det mest ont i dig sj\u00e4lv n\u00e4r du \u00e4r otrevlig mot n\u00e5gon. Det \u00e4r samtidigt det tr\u00e5kiga med att vara v\u00e4luppfostrad.<\/p>\n<p>Alla som har st\u00e5tt med en insamlingsb\u00f6ssa vet att det \u00e4r de som inte har r\u00e5d som har r\u00e5d, de rika har f\u00f6r mycket att b\u00e4ra f\u00f6r att orka ge.<\/p>\n<p>Arbetarklassen \u00e4r den mest medvetna delen av folket, sa vi n\u00e4r jag var ung. Titta p\u00e5 varje djupare opinionsunders\u00f6kning eller facebooktr\u00e5d, det st\u00e4mmer \u00e4n. I sakfr\u00e5ga efter sakfr\u00e5ga \u00e4r hon klokare \u00e4n m\u00e5nga andra. N\u00e4mligen om definitionen av arbetare \u00e4r: kvinna i offentliga sektorn.<\/p>\n<p>Det fina med internet \u00e4r att det ger oss alla r\u00e5d att ge ut fattigmans tidning. Det negativa \u00e4r att samma n\u00e4t samtidigt g\u00f6r <strong>alla<\/strong> dagstidningar till fattigmans tidning.<\/p>\n<p>V\u00e4gen till en r\u00e4ttvis v\u00e4rld g\u00e5r inte \u00f6ver Google.<\/p>\n","protected":false},"excerpt":{"rendered":"<p>Det fina med att vara v\u00e4luppfostrad \u00e4r att d\u00e5 g\u00f6r det mest ont i dig sj\u00e4lv n\u00e4r du \u00e4r otrevlig mot n\u00e5gon. Det \u00e4r samtidigt det tr\u00e5kiga med att vara v\u00e4luppfostrad. Alla som har st\u00e5tt med en insamlingsb\u00f6ssa vet att det \u00e4r de som inte har r\u00e5d som har r\u00e5d, de rika har f\u00f6r mycket &hellip; <a href=\"https:\/\/sven-ove.nu\/?p=9956\" class=\"more-link\">Forts\u00e4tt l\u00e4sa <span class=\"screen-reader-text\">L\u00f6rdag, t\u00e4nker efter<\/span><\/a><\/p>\n","protected":false},"author":1,"featured_media":0,"comment_status":"open","ping_status":"open","sticky":false,"template":"","format":"standard","meta":{"_crdt_document":"","_monsterinsights_skip_tracking":false,"_monsterinsights_sitenote_active":false,"_monsterinsights_sitenote_note":"","_monsterinsights_sitenote_category":0,"footnotes":""},"categories":[9,4],"tags":[3,8,18,15,17,13],"class_list":["post-9956","post","type-post","status-publish","format-standard","hentry","category-politik","category-skrivande","tag-arbete","tag-historia","tag-lardomar","tag-mediedjungeln","tag-solidaritet","tag-utrustning"],"_links":{"self":[{"href":"https:\/\/sven-ove.nu\/index.php?rest_route=\/wp\/v2\/posts\/9956","targetHints":{"allow":["GET"]}}],"collection":[{"href":"https:\/\/sven-ove.nu\/index.php?rest_route=\/wp\/v2\/posts"}],"about":[{"href":"https:\/\/sven-ove.nu\/index.php?rest_route=\/wp\/v2\/types\/post"}],"author":[{"embeddable":true,"href":"https:\/\/sven-ove.nu\/index.php?rest_route=\/wp\/v2\/users\/1"}],"replies":[{"embeddable":true,"href":"https:\/\/sven-ove.nu\/index.php?rest_route=%2Fwp%2Fv2%2Fcomments&post=9956"}],"version-history":[{"count":2,"href":"https:\/\/sven-ove.nu\/index.php?rest_route=\/wp\/v2\/posts\/9956\/revisions"}],"predecessor-version":[{"id":9959,"href":"https:\/\/sven-ove.nu\/index.php?rest_route=\/wp\/v2\/posts\/9956\/revisions\/9959"}],"wp:attachment":[{"href":"https:\/\/sven-ove.nu\/index.php?rest_route=%2Fwp%2Fv2%2Fmedia&parent=9956"}],"wp:term":[{"taxonomy":"category","embeddable":true,"href":"https:\/\/sven-ove.nu\/index.php?rest_route=%2Fwp%2Fv2%2Fcategories&post=9956"},{"taxonomy":"post_tag","embeddable":true,"href":"https:\/\/sven-ove.nu\/index.php?rest_route=%2Fwp%2Fv2%2Ftags&post=9956"}],"curies":[{"name":"wp","href":"https:\/\/api.w.org\/{rel}","templated":true}]}}