{"id":9984,"date":"2014-11-12T03:00:03","date_gmt":"2014-11-12T02:00:03","guid":{"rendered":"http:\/\/sven-ove.nu\/?p=9984"},"modified":"2014-11-12T10:53:02","modified_gmt":"2014-11-12T09:53:02","slug":"resan-hemifran","status":"publish","type":"post","link":"https:\/\/sven-ove.nu\/?p=9984","title":{"rendered":"Resan hemifr\u00e5n"},"content":{"rendered":"<p><a href=\"https:\/\/sven-ove.nu\/wp-content\/uploads\/2014\/11\/Vid-f\u00f6rstakapan.jpg\"><img loading=\"lazy\" decoding=\"async\" class=\"alignright size-large wp-image-9987\" src=\"https:\/\/sven-ove.nu\/wp-content\/uploads\/2014\/11\/Vid-f\u00f6rstakapan-1024x789.jpg\" alt=\"Vid f\u00f6rstakapan\" width=\"640\" height=\"493\" srcset=\"https:\/\/sven-ove.nu\/wp-content\/uploads\/2014\/11\/Vid-f\u00f6rstakapan-1024x789.jpg 1024w, https:\/\/sven-ove.nu\/wp-content\/uploads\/2014\/11\/Vid-f\u00f6rstakapan-300x231.jpg 300w, https:\/\/sven-ove.nu\/wp-content\/uploads\/2014\/11\/Vid-f\u00f6rstakapan.jpg 1587w\" sizes=\"auto, (max-width: 640px) 100vw, 640px\" \/><\/a><\/p>\n<p>Inte bli som vi. Det var vad f\u00f6r\u00e4ldrarna t\u00e4nkte, mottot f\u00f6r en hel generation i hyreshusen och l\u00e4ngs de avsmalnade grusv\u00e4garna. Mamma och pappa sa aldrig precis de orden men visst var de stolta n\u00e4r sonen tog studenten, \u00e4ven om jag v\u00e4grade m\u00f6ssa. M\u00e5ndagen d\u00e4rp\u00e5 f\u00f6ljde jag med pappa till bruket.<\/p>\n<p>&#8211; Jobb? Jo det har vi, jas\u00e5 \u00e4rr\u00e4 du som kommer?<\/p>\n<p>Allt var s\u00e5 riskfritt. En uppt\u00e4cktsresa bland arbetare och proletariserade sm\u00e5b\u00f6nder. Vi blev m\u00e5nga p\u00e5 den f\u00e4rden. Arbeta ville vi och skolan hade sannerligen inte varit sj\u00e4lvklar, vissa p\u00e5stod att vi kom fr\u00e5n \u201dstudieovana hem\u201d.<\/p>\n<p>I krig \u00e4r det segrarna som skriver historien, i folkhem \u00e4r det stundom medelklassen. Inte kom jag fr\u00e5n n\u00e5got studieovant hem. Farfar och farmor var l\u00e4sande m\u00e4nniskor, mina f\u00f6r\u00e4ldrar ocks\u00e5. Det var bara skolb\u00e4nken de inte hade f\u00e5tt l\u00e4ra k\u00e4nna s\u00e4rskilt l\u00e4nge. Allt de beh\u00f6vde f\u00f6r sin \u00f6verlevnad och sinnesro studerade de hela tiden och med stor vana.<\/p>\n<p>S\u00e5 l\u00e4nge jag ville hade jag l\u00e4tt f\u00f6r mig i skolan. Det avgjorde jag sj\u00e4lv, vi hade inte samma tryck hemifr\u00e5n som skoll\u00e4rarns, tandl\u00e4karns och ingenj\u00f6rns d\u00f6ttrar och s\u00f6ner.<\/p>\n<p>&#8211; Men v\u00e4lj g\u00e4rna ett annat yrke \u00e4n v\u00e5rt. Det \u00e4r ingen framtid \u00e5 vara sm\u00e5bonde \u00e5\u00a0sedan barkmaskinist, bondhustru \u00e5\u00a0sedan st\u00e4derska p\u00e5 skolan.<\/p>\n<p>Sju kronor och nio \u00f6re i timmen hade han. Dit f\u00f6ljde jag med.<\/p>\n<p style=\"padding-left: 30px;\">*<\/p>\n<p>Riskfritt var det. Jag trivdes som fisken i vattnet bland gubbarna p\u00e5 br\u00e4dg\u00e5rden och i justerverket, \u00e4lskade att sl\u00e4nga k\u00e4ft, gillade jargongen och yrkesstoltheten. Visst. Men f\u00f6r mig fanns \u00e4nd\u00e5 en m\u00f6jlig v\u00e4g ut, bort fr\u00e5n bruket. De visste ju det.<\/p>\n<p>F\u00f6rst\u00f6rd var jag redan. Bl\u00e4ddrade i Dagens Nyheter ett tag p\u00e5 matrasterna, kunde varenda huvudstad, hade l\u00e4st Staten och revolutionen.<\/p>\n<p>Hela tiden visste jag vad jag ville bli efter s\u00e5gen. Som en av dem. Bli som pappa vid barkmaskinen, G\u00f6sta vid andrakapan och han som k\u00f6rde truck med fotografiskt minne.<\/p>\n<p>En av dem? Det var det enda jag inte kunde bli.<\/p>\n","protected":false},"excerpt":{"rendered":"<p>Inte bli som vi. Det var vad f\u00f6r\u00e4ldrarna t\u00e4nkte, mottot f\u00f6r en hel generation i hyreshusen och l\u00e4ngs de avsmalnade grusv\u00e4garna. Mamma och pappa sa aldrig precis de orden men visst var de stolta n\u00e4r sonen tog studenten, \u00e4ven om jag v\u00e4grade m\u00f6ssa. M\u00e5ndagen d\u00e4rp\u00e5 f\u00f6ljde jag med pappa till bruket. &#8211; Jobb? Jo det &hellip; <a href=\"https:\/\/sven-ove.nu\/?p=9984\" class=\"more-link\">Forts\u00e4tt l\u00e4sa <span class=\"screen-reader-text\">Resan hemifr\u00e5n<\/span><\/a><\/p>\n","protected":false},"author":1,"featured_media":0,"comment_status":"open","ping_status":"open","sticky":false,"template":"","format":"standard","meta":{"_crdt_document":"","_monsterinsights_skip_tracking":false,"_monsterinsights_sitenote_active":false,"_monsterinsights_sitenote_note":"","_monsterinsights_sitenote_category":0,"footnotes":""},"categories":[10],"tags":[3,8,18],"class_list":["post-9984","post","type-post","status-publish","format-standard","hentry","category-familjen","tag-arbete","tag-historia","tag-lardomar"],"_links":{"self":[{"href":"https:\/\/sven-ove.nu\/index.php?rest_route=\/wp\/v2\/posts\/9984","targetHints":{"allow":["GET"]}}],"collection":[{"href":"https:\/\/sven-ove.nu\/index.php?rest_route=\/wp\/v2\/posts"}],"about":[{"href":"https:\/\/sven-ove.nu\/index.php?rest_route=\/wp\/v2\/types\/post"}],"author":[{"embeddable":true,"href":"https:\/\/sven-ove.nu\/index.php?rest_route=\/wp\/v2\/users\/1"}],"replies":[{"embeddable":true,"href":"https:\/\/sven-ove.nu\/index.php?rest_route=%2Fwp%2Fv2%2Fcomments&post=9984"}],"version-history":[{"count":6,"href":"https:\/\/sven-ove.nu\/index.php?rest_route=\/wp\/v2\/posts\/9984\/revisions"}],"predecessor-version":[{"id":9998,"href":"https:\/\/sven-ove.nu\/index.php?rest_route=\/wp\/v2\/posts\/9984\/revisions\/9998"}],"wp:attachment":[{"href":"https:\/\/sven-ove.nu\/index.php?rest_route=%2Fwp%2Fv2%2Fmedia&parent=9984"}],"wp:term":[{"taxonomy":"category","embeddable":true,"href":"https:\/\/sven-ove.nu\/index.php?rest_route=%2Fwp%2Fv2%2Fcategories&post=9984"},{"taxonomy":"post_tag","embeddable":true,"href":"https:\/\/sven-ove.nu\/index.php?rest_route=%2Fwp%2Fv2%2Ftags&post=9984"}],"curies":[{"name":"wp","href":"https:\/\/api.w.org\/{rel}","templated":true}]}}