{"id":9990,"date":"2014-11-13T03:00:21","date_gmt":"2014-11-13T02:00:21","guid":{"rendered":"http:\/\/sven-ove.nu\/?p=9990"},"modified":"2014-11-13T05:51:46","modified_gmt":"2014-11-13T04:51:46","slug":"sag-mig-vad-du-kor-for-bil-och-jag-ska-saga-dig-hur-dina-vanner-uppfattar-dig","status":"publish","type":"post","link":"https:\/\/sven-ove.nu\/?p=9990","title":{"rendered":"S\u00e4g mig vad du k\u00f6r f\u00f6r bil och jag ska s\u00e4ga dig hur dina v\u00e4nner uppfattar dig"},"content":{"rendered":"<p style=\"text-align: left;\"><a href=\"https:\/\/sven-ove.nu\/wp-content\/uploads\/2014\/11\/Saab.jpg\"><img loading=\"lazy\" decoding=\"async\" class=\"alignright size-large wp-image-9992\" src=\"https:\/\/sven-ove.nu\/wp-content\/uploads\/2014\/11\/Saab-1024x491.jpg\" alt=\"Saab\" width=\"640\" height=\"306\" srcset=\"https:\/\/sven-ove.nu\/wp-content\/uploads\/2014\/11\/Saab-1024x491.jpg 1024w, https:\/\/sven-ove.nu\/wp-content\/uploads\/2014\/11\/Saab-300x143.jpg 300w, https:\/\/sven-ove.nu\/wp-content\/uploads\/2014\/11\/Saab.jpg 1632w\" sizes=\"auto, (max-width: 640px) 100vw, 640px\" \/><\/a><\/p>\n<p style=\"text-align: left; padding-left: 390px;\"><em>Enda godk\u00e4nda.\u00a0<\/em><\/p>\n<p>En dag hade livet gett mig chefsjobb (f\u00f6r n\u00e5gra \u00e5r) och det var dags f\u00f6r f\u00f6rm\u00e5nsbil. F\u00f6retaget leasade bilen, den var en del av l\u00f6nen, jag betalade skatt f\u00f6r det, och \u2026 ja, vi skulle f\u00e5 en ny bil i familjen helt enkelt, \u00e4ven om den inte var v\u00e5r. En splitter ny.<\/p>\n<p>Jag valde en n\u00e5got mindre bil som klarade utsl\u00e4ppsgr\u00e4nsen, tillverkad av noggrant folk p\u00e5 en mekanisk verkstad i Bayern. D\u00e5 blev det ett himmelens liv p\u00e5 mina v\u00e4nner.<\/p>\n<p>&#8211; BMW? Det \u00e4r inte du. Du ska ha en gammal Saab som du alltid har haft. Helst lite rostig och otv\u00e4ttad.<\/p>\n<p>Av detta drog jag tv\u00e5 slutsatser. Den ena var att jag borde tv\u00e4tta bilen oftare.<\/p>\n","protected":false},"excerpt":{"rendered":"<p>Enda godk\u00e4nda.\u00a0 En dag hade livet gett mig chefsjobb (f\u00f6r n\u00e5gra \u00e5r) och det var dags f\u00f6r f\u00f6rm\u00e5nsbil. F\u00f6retaget leasade bilen, den var en del av l\u00f6nen, jag betalade skatt f\u00f6r det, och \u2026 ja, vi skulle f\u00e5 en ny bil i familjen helt enkelt, \u00e4ven om den inte var v\u00e5r. En splitter ny. Jag &hellip; <a href=\"https:\/\/sven-ove.nu\/?p=9990\" class=\"more-link\">Forts\u00e4tt l\u00e4sa <span class=\"screen-reader-text\">S\u00e4g mig vad du k\u00f6r f\u00f6r bil och jag ska s\u00e4ga dig hur dina v\u00e4nner uppfattar dig<\/span><\/a><\/p>\n","protected":false},"author":1,"featured_media":0,"comment_status":"open","ping_status":"open","sticky":false,"template":"","format":"standard","meta":{"_crdt_document":"","_monsterinsights_skip_tracking":false,"_monsterinsights_sitenote_active":false,"_monsterinsights_sitenote_note":"","_monsterinsights_sitenote_category":0,"footnotes":""},"categories":[10],"tags":[3,7,13],"class_list":["post-9990","post","type-post","status-publish","format-standard","hentry","category-familjen","tag-arbete","tag-miljo","tag-utrustning"],"_links":{"self":[{"href":"https:\/\/sven-ove.nu\/index.php?rest_route=\/wp\/v2\/posts\/9990","targetHints":{"allow":["GET"]}}],"collection":[{"href":"https:\/\/sven-ove.nu\/index.php?rest_route=\/wp\/v2\/posts"}],"about":[{"href":"https:\/\/sven-ove.nu\/index.php?rest_route=\/wp\/v2\/types\/post"}],"author":[{"embeddable":true,"href":"https:\/\/sven-ove.nu\/index.php?rest_route=\/wp\/v2\/users\/1"}],"replies":[{"embeddable":true,"href":"https:\/\/sven-ove.nu\/index.php?rest_route=%2Fwp%2Fv2%2Fcomments&post=9990"}],"version-history":[{"count":6,"href":"https:\/\/sven-ove.nu\/index.php?rest_route=\/wp\/v2\/posts\/9990\/revisions"}],"predecessor-version":[{"id":10018,"href":"https:\/\/sven-ove.nu\/index.php?rest_route=\/wp\/v2\/posts\/9990\/revisions\/10018"}],"wp:attachment":[{"href":"https:\/\/sven-ove.nu\/index.php?rest_route=%2Fwp%2Fv2%2Fmedia&parent=9990"}],"wp:term":[{"taxonomy":"category","embeddable":true,"href":"https:\/\/sven-ove.nu\/index.php?rest_route=%2Fwp%2Fv2%2Fcategories&post=9990"},{"taxonomy":"post_tag","embeddable":true,"href":"https:\/\/sven-ove.nu\/index.php?rest_route=%2Fwp%2Fv2%2Ftags&post=9990"}],"curies":[{"name":"wp","href":"https:\/\/api.w.org\/{rel}","templated":true}]}}